[{"@context":"https:\/\/schema.org\/","@type":"Article","@id":"https:\/\/www.dckh.cz\/genialni-nelida\/#Article","mainEntityOfPage":"https:\/\/www.dckh.cz\/genialni-nelida\/","headline":"Geni\u00e1ln\u00ed nelida","name":"Geni\u00e1ln\u00ed nelida","description":"O slavn\u00fdch lidech v\u011bt\u0161inou koluj\u00ed r\u016fzn\u00e9 f\u00e1my a zv\u011bsti. Mo\u017en\u00e1 proto, aby jim to dodalo je\u0161t\u011b v\u011bt\u0161\u00ed d\u00edl popularity nebo proto, aby se pro n\u00e1s \u201eoby\u010dejn\u00e9 smrteln\u00edky\u201c stali v\u00edce z\u00e1hadn\u00fdmi. Mo\u017en\u00e1 pr\u00e1v\u011b z toho druh\u00e9ho d\u016fvodu kolovaly tajemn\u00e9 historky o","datePublished":"2025-02-28","dateModified":"2023-05-01","author":{"@type":"Person","@id":"https:\/\/www.dckh.cz\/author\/#Person","name":"","url":"https:\/\/www.dckh.cz\/author\/","identifier":1,"image":{"@type":"ImageObject","@id":"https:\/\/secure.gravatar.com\/avatar\/f7b3e8bb7f7cc0c6ca940e74a10b952be4c7d81de8a980387c865f88889f02e3?s=96&d=mm&r=g","url":"https:\/\/secure.gravatar.com\/avatar\/f7b3e8bb7f7cc0c6ca940e74a10b952be4c7d81de8a980387c865f88889f02e3?s=96&d=mm&r=g","height":96,"width":96}},"publisher":{"@type":"Organization","name":"dckh.cz","logo":{"@type":"ImageObject","@id":"\/logo.png","url":"\/logo.png","width":600,"height":60}},"image":{"@type":"ImageObject","@id":"https:\/\/www.dckh.cz\/wp-content\/uploads\/img_a297537_w2293_t1507973770.jpg","url":"https:\/\/www.dckh.cz\/wp-content\/uploads\/img_a297537_w2293_t1507973770.jpg","height":0,"width":0},"url":"https:\/\/www.dckh.cz\/genialni-nelida\/","wordCount":421,"articleBody":"O slavn\u00fdch lidech v\u011bt\u0161inou koluj\u00ed r\u016fzn\u00e9 f\u00e1my a zv\u011bsti. Mo\u017en\u00e1 proto, aby jim to dodalo je\u0161t\u011b v\u011bt\u0161\u00ed d\u00edl popularity nebo proto, aby se pro n\u00e1s \u201eoby\u010dejn\u00e9 smrteln\u00edky\u201c stali v\u00edce z\u00e1hadn\u00fdmi. Mo\u017en\u00e1 pr\u00e1v\u011b z toho druh\u00e9ho d\u016fvodu kolovaly tajemn\u00e9 historky o slavn\u00e9m mal\u00ed\u0159i Pablu Picassovi.\u00a7\u00a0 Kdy\u017e se roku 1881 narodil, byl okam\u017eit\u011b porodn\u00ed b\u00e1bou prohl\u00e1\u0161en za mrtv\u00e9ho.\u00a7\u00a0 V okam\u017eiku, kdy porodn\u00ed asistentka odch\u00e1z\u00ed, vstupuje do m\u00edstnosti jeden z nedo\u010dkav\u00fdch \u010dekatel\u016f na pokra\u010dovatele rodu.\u00a7\u00a0 Pokud by tak neu\u010dinil, sv\u011bt by nepoznal geni\u00e1ln\u00edho mal\u00ed\u0159e.\u00a7\u00a0 A to p\u0159esto, \u017ee str\u00fd\u010dek ud\u011blal n\u011bco, co by se mnoh\u00e9 mamince nel\u00edbilo.\u00a7\u00a0 Vstoupil se zap\u00e1lenou cigaretou a vyfoukl na mal\u00e9ho Pabla kou\u0159.\u00a7\u00a0 V ten okam\u017eik se d\u00edt\u011b rozka\u0161lalo.\tOkam\u017eit\u00fd \u00fasp\u011bchMal\u00ed\u0159sk\u00fd talent Pabla Picassa se projevoval u\u017e od nej\u00fatlej\u0161\u00edho d\u011btstv\u00ed. Jeho otec t\u00edm byl nad\u0161en\u00fd. Byl toti\u017e u\u010ditelem mal\u00ed\u0159stv\u00ed. A ve chv\u00edli, kdy t\u0159in\u00e1ctilet\u00fd chlapec dokon\u010d\u00ed otc\u016fv obraz, je v\u0161em jasn\u00e9, \u017ee tu stoj\u00ed talent, jak\u00fd se rod\u00ed jednou za sto let. Otec uzn\u00e1, \u017ee u\u017e nem\u00e1 hocha co u\u010dit a pos\u00edl\u00e1 ho na Akademii v\u00fdtvarn\u00fdch um\u011bn\u00ed do Barcelony. \u00b7\u00a0\u00a0\u00a0\u00a0\u00a0\u00a0\u00a0 Zkou\u0161ky, kter\u00e9 norm\u00e1ln\u011b trvaj\u00ed m\u011bs\u00edc, slo\u017e\u00ed Pablo za jedin\u00fd den.\u00b7\u00a0\u00a0\u00a0\u00a0\u00a0\u00a0\u00a0 A aby se nezdr\u017eoval, prvn\u00ed dva roky p\u0159esko\u010d\u00ed.Brzy za\u010dne vystavovat sv\u00e1 prvn\u00ed d\u00edla v Madridu. I tady jde v\u0161e z\u00e1vratnou rychlost\u00ed. Zat\u00edmco jeho kolegov\u00e9 netrp\u011bliv\u011b \u010dekaj\u00ed na uzn\u00e1n\u00ed, on se dost\u00e1v\u00e1 se sv\u00fdmi d\u00edly do pop\u0159ed\u00ed. Jeho obraz \u201eChlapec s d\u00fdmkou\u201c je dokonce dva roky na \u017eeb\u0159\u00ed\u010dku nejdra\u017e\u0161\u00edch obraz\u016f sv\u011bta. Kdo by si ale myslel, \u017ee si um\u011blec pen\u00edze bude nech\u00e1vat na hor\u0161\u00ed \u010dasy, tak by se m\u00fdlil. \u017dije jako boh\u00e9m a v\u0161e rozh\u00e1z\u00ed. Um\u011blec m\u00e1 v\u0161ak nedobrou povahu. &#8211;\u00a0\u00a0\u00a0\u00a0\u00a0\u00a0\u00a0\u00a0 Chov\u00e1 se naprosto sebest\u0159edn\u011b, a zvl\u00e1\u0161t\u011b \u017een\u00e1m r\u00e1d ubli\u017euje.&#8211;\u00a0\u00a0\u00a0\u00a0\u00a0\u00a0\u00a0\u00a0 Nedob\u0159e sm\u00fd\u0161l\u00ed o ka\u017ed\u00e9m \u010dlov\u011bku ve sv\u00e9m okol\u00ed.&#8211;\u00a0\u00a0\u00a0\u00a0\u00a0\u00a0\u00a0\u00a0 Podle n\u011bho jsou ostatn\u00ed lid\u00e9 pouh\u00e1 zrnka prachu.Toto m\u00edn\u011bn\u00ed m\u011bl z\u0159ejm\u011b i o sv\u00fdch nejbli\u017e\u0161\u00edch. Ti toti\u017e na opl\u00e1tku mluvili nedob\u0159e o n\u011bm.                                                                                                                                                                                                                                                                                                                                                                                        3.7\/5 - (8 votes)        "},{"@context":"https:\/\/schema.org\/","@type":"BreadcrumbList","itemListElement":[{"@type":"ListItem","position":1,"name":"Geni\u00e1ln\u00ed nelida","item":"https:\/\/www.dckh.cz\/genialni-nelida\/#breadcrumbitem"}]}]