[{"@context":"https:\/\/schema.org\/","@type":"Article","@id":"https:\/\/www.dckh.cz\/mel-jsem-dovolenou-nebo-ne\/#Article","mainEntityOfPage":"https:\/\/www.dckh.cz\/mel-jsem-dovolenou-nebo-ne\/","headline":"M\u011bl jsem dovolenou, nebo ne?","name":"M\u011bl jsem dovolenou, nebo ne?","description":"Dovolenou jsem si u\u017e po hodn\u011b dlouhou \u0159adu let v\u017edycky spojoval s\u00a0cestov\u00e1n\u00edm. Jakmile tato nastala, prost\u011b jsem si sbalil batoh a vyrazil do sv\u011bta, v\u00a0posledn\u00edch \u0159\u00e1dov\u011b dvou dek\u00e1d\u00e1ch zpravidla kousek na jih od \u010cesk\u00e9ho Krumlova. K\u00a0\u010demu\u017e jsem pak pochopiteln\u011b dod\u00e1val,","datePublished":"2022-04-12","dateModified":"2023-05-01","author":{"@type":"Person","@id":"https:\/\/www.dckh.cz\/author\/#Person","name":"","url":"https:\/\/www.dckh.cz\/author\/","identifier":1,"image":{"@type":"ImageObject","@id":"https:\/\/secure.gravatar.com\/avatar\/f7b3e8bb7f7cc0c6ca940e74a10b952be4c7d81de8a980387c865f88889f02e3?s=96&d=mm&r=g","url":"https:\/\/secure.gravatar.com\/avatar\/f7b3e8bb7f7cc0c6ca940e74a10b952be4c7d81de8a980387c865f88889f02e3?s=96&d=mm&r=g","height":96,"width":96}},"publisher":{"@type":"Organization","name":"dckh.cz","logo":{"@type":"ImageObject","@id":"\/logo.png","url":"\/logo.png","width":600,"height":60}},"image":{"@type":"ImageObject","@id":"https:\/\/www.dckh.cz\/wp-content\/uploads\/lvi%20v%20p%C5%99%C3%ADrod%C4%9B.jpg","url":"https:\/\/www.dckh.cz\/wp-content\/uploads\/lvi%20v%20p%C5%99%C3%ADrod%C4%9B.jpg","height":0,"width":0},"url":"https:\/\/www.dckh.cz\/mel-jsem-dovolenou-nebo-ne\/","about":["Cestov\u00e1n\u00ed"],"wordCount":433,"articleBody":"Dovolenou jsem si u\u017e po hodn\u011b dlouhou \u0159adu let v\u017edycky spojoval s\u00a0cestov\u00e1n\u00edm. Jakmile tato nastala, prost\u011b jsem si sbalil batoh a vyrazil do sv\u011bta, v\u00a0posledn\u00edch \u0159\u00e1dov\u011b dvou dek\u00e1d\u00e1ch zpravidla kousek na jih od \u010cesk\u00e9ho Krumlova. K\u00a0\u010demu\u017e jsem pak pochopiteln\u011b dod\u00e1val, \u017ee \u0161lo o kousek v\u00a0\u0159\u00e1du tis\u00edc\u016f kilometr\u016f.Prost\u011b m\u011b to t\u00e1hlo na dovolenou do Ji\u017en\u00ed Afriky. A pokud jsem snad v\u00a0t\u00e9to nebyl, nebyl jsem na dovolen\u00e9. Jen tam jsem dok\u00e1zal doopravdy \u201avypnout\u2018, s\u00a0t\u00edm, \u017ee jsem prost\u011b mimo dosah zam\u011bstnavatel\u016f a mimo mo\u017enost pracovat.Jen\u017ee p\u0159i\u0161la pandemie. A j\u00e1 jsem kv\u016fli t\u00e9to tud\u00ed\u017e dv\u011b l\u00e9ta na tom, co pova\u017euji za dovolenou, nebyl. Nejd\u0159\u00edv zav\u0159eli hranice Jihoafri\u010dani, abychom jim tam my cizinci koronavirus nezavlekli, na \u010dem\u017e bylo pozitivn\u00ed jedin\u011b to, \u017ee jsem kv\u016fli zru\u0161en\u00ed letu dostal pen\u00edze zaplacen\u00e9 za letenku zp\u011bt, nakonec zav\u0159ely pro zm\u011bnu evropsk\u00e9 tranzitn\u00ed zem\u011b sv\u00e9 hranice pro n\u00e1s cizince cestuj\u00edc\u00ed z\u00a0Ji\u017en\u00ed Afriky, proto\u017ee tam zrovna hrozil nejd\u0159\u00edv stra\u0161\u00e1k a nakonec chc\u00edp\u00e1\u010dek omikron. A mezi t\u00edm, jak v\u0161ichni v\u00edme, jsem kolikr\u00e1t nemohl nikam, t\u0159eba ani do sousedn\u00edho okresu.Dva roky to trvalo. A pak u\u017e jsem zatnul zuby a rozhodl se, \u017ee u\u017e letos v\u00e1\u017en\u011b odlet\u00edm. I kdyby m\u011b u\u017e nem\u011bli pustit zp\u00e1tky. A stalo se.Nejprve to vypadalo slo\u017eit\u011b. To v\u00edte, povinnost m\u00edt potvrzen\u00ed o o\u010dkov\u00e1n\u00ed, sehnat si nanejv\u00fd\u0161 t\u0159i dni p\u0159ed odletem tam i zp\u011bt PCR test, vyplnit online nahl\u00e1\u0161en\u00ed sv\u00e9 cesty do t\u011bchto zem\u00ed i zp\u011bt. Pak se to v\u00a0pr\u016fb\u011bhu tohoto roku zjednodu\u0161ovalo a zjednodu\u0161ovalo. A\u017e nakonec z\u016fstaly jen povinn\u00e9 respir\u00e1tory nebo ty nejdokonalej\u0161\u00ed rou\u0161ky v\u00a0n\u011bmeck\u00fdch letadlech. A vlastn\u011b ani s\u00a0touto povinnost\u00ed to nebylo nakonec zase a\u017e tak \u017ehav\u00e9.A tak jsem prost\u011b kone\u010dn\u011b po t\u0159ech letech na dovolenou do Ji\u017en\u00ed Afriky zase odlet\u011bl. A vypadalo to v\u0161echno n\u00e1ramn\u011b slibn\u011b.Ale nakonec jsem form\u00e1ln\u011b op\u011bt \u017e\u00e1dnou dovolenou nem\u011bl. Proto\u017ee m\u011b imigra\u010dn\u00ed \u00fa\u0159ednice sice do JAR pustila, ale\u2026 Kdo v\u00ed, co se j\u00ed honilo hlavou, jen\u017ee mi do pasu zaznamenala, \u017ee tam jedu za byznysem. A j\u00e1 te\u010f tedy nev\u00edm. M\u011bl jsem v\u00a0uplynul\u00fdch t\u00fddnech kone\u010dn\u011b dovolenou, nebo zase ne?                                                                                                                                                                                                                                                                                                                                                                                        4.3\/5 - (9 votes)        "},{"@context":"https:\/\/schema.org\/","@type":"BreadcrumbList","itemListElement":[{"@type":"ListItem","position":1,"name":"M\u011bl jsem dovolenou, nebo ne?","item":"https:\/\/www.dckh.cz\/mel-jsem-dovolenou-nebo-ne\/#breadcrumbitem"}]}]